{"id":10773,"date":"2026-04-27T11:33:30","date_gmt":"2026-04-27T09:33:30","guid":{"rendered":"https:\/\/olszyny.schoolpage.pl\/?p=10773"},"modified":"2026-04-27T11:33:31","modified_gmt":"2026-04-27T09:33:31","slug":"%f0%9f%8e%89-4-urodziny-laury","status":"publish","type":"post","link":"https:\/\/olszyny.schoolpage.pl\/index.php\/2026\/04\/27\/%f0%9f%8e%89-4-urodziny-laury\/","title":{"rendered":"\ud83c\udf89 4. Urodziny Laury\u00a0"},"content":{"rendered":"\n<p>W naszym przedszkolu \u015bwi\u0119towali\u015bmy dzi\u015b 4. urodziny Laury! \ud83c\udf82<\/p>\n\n\n\n<p>By\u0142 to radosny dzie\u0144 pe\u0142en wsp\u00f3lnych zabaw, u\u015bmiechu i serdecznych \u017cycze\u0144. Dzieci za\u015bpiewa\u0142y \u201eSto lat\u201d i razem celebrowa\u0142y ten wyj\u0105tkowy czas \ud83c\udf88\u2728<\/p>\n\n\n\n<p>Laurze \u017cyczymy du\u017co zdrowia, rado\u015bci ka\u017cdego dnia oraz wielu pi\u0119knych chwil i sukces\u00f3w w odkrywaniu \u015bwiata! \ud83d\udc95<\/p>\n\n\n\n<figure class=\"wp-block-gallery has-nested-images columns-default is-cropped wp-block-gallery-1 is-layout-flex wp-block-gallery-is-layout-flex\">\n<figure class=\"wp-block-image size-full\"><img loading=\"lazy\" decoding=\"async\" width=\"1920\" height=\"2560\" data-id=\"10774\" src=\"https:\/\/olszyny.schoolpage.pl\/wp-content\/uploads\/2026\/04\/att.NUqZFAKFwHt_qblV0lrAplePIt2rdp1Ea8L1W9kF5To-scaled.jpeg\" alt=\"\" class=\"wp-image-10774\" srcset=\"https:\/\/olszyny.schoolpage.pl\/wp-content\/uploads\/2026\/04\/att.NUqZFAKFwHt_qblV0lrAplePIt2rdp1Ea8L1W9kF5To-scaled.jpeg 1920w, https:\/\/olszyny.schoolpage.pl\/wp-content\/uploads\/2026\/04\/att.NUqZFAKFwHt_qblV0lrAplePIt2rdp1Ea8L1W9kF5To-225x300.jpeg 225w, https:\/\/olszyny.schoolpage.pl\/wp-content\/uploads\/2026\/04\/att.NUqZFAKFwHt_qblV0lrAplePIt2rdp1Ea8L1W9kF5To-768x1024.jpeg 768w, https:\/\/olszyny.schoolpage.pl\/wp-content\/uploads\/2026\/04\/att.NUqZFAKFwHt_qblV0lrAplePIt2rdp1Ea8L1W9kF5To-1152x1536.jpeg 1152w, https:\/\/olszyny.schoolpage.pl\/wp-content\/uploads\/2026\/04\/att.NUqZFAKFwHt_qblV0lrAplePIt2rdp1Ea8L1W9kF5To-1536x2048.jpeg 1536w\" sizes=\"auto, (max-width: 1920px) 100vw, 1920px\" \/><\/figure>\n\n\n\n<figure class=\"wp-block-image size-full\"><img loading=\"lazy\" decoding=\"async\" width=\"1920\" height=\"2560\" data-id=\"10775\" src=\"https:\/\/olszyny.schoolpage.pl\/wp-content\/uploads\/2026\/04\/att.a7YACNOQaId4_aHENhZARj2w7BqdXH9qZMsPvd90-_k-scaled.jpeg\" alt=\"\" class=\"wp-image-10775\" srcset=\"https:\/\/olszyny.schoolpage.pl\/wp-content\/uploads\/2026\/04\/att.a7YACNOQaId4_aHENhZARj2w7BqdXH9qZMsPvd90-_k-scaled.jpeg 1920w, https:\/\/olszyny.schoolpage.pl\/wp-content\/uploads\/2026\/04\/att.a7YACNOQaId4_aHENhZARj2w7BqdXH9qZMsPvd90-_k-225x300.jpeg 225w, https:\/\/olszyny.schoolpage.pl\/wp-content\/uploads\/2026\/04\/att.a7YACNOQaId4_aHENhZARj2w7BqdXH9qZMsPvd90-_k-768x1024.jpeg 768w, https:\/\/olszyny.schoolpage.pl\/wp-content\/uploads\/2026\/04\/att.a7YACNOQaId4_aHENhZARj2w7BqdXH9qZMsPvd90-_k-1152x1536.jpeg 1152w, https:\/\/olszyny.schoolpage.pl\/wp-content\/uploads\/2026\/04\/att.a7YACNOQaId4_aHENhZARj2w7BqdXH9qZMsPvd90-_k-1536x2048.jpeg 1536w\" sizes=\"auto, (max-width: 1920px) 100vw, 1920px\" \/><\/figure>\n\n\n\n<figure class=\"wp-block-image size-full\"><img loading=\"lazy\" decoding=\"async\" width=\"1920\" height=\"2560\" data-id=\"10776\" src=\"https:\/\/olszyny.schoolpage.pl\/wp-content\/uploads\/2026\/04\/att.BeBe1-drc2j1ufdNT3oBjp9SXqTGGq9w61dmE4eNXw4-scaled.jpeg\" alt=\"\" class=\"wp-image-10776\" srcset=\"https:\/\/olszyny.schoolpage.pl\/wp-content\/uploads\/2026\/04\/att.BeBe1-drc2j1ufdNT3oBjp9SXqTGGq9w61dmE4eNXw4-scaled.jpeg 1920w, https:\/\/olszyny.schoolpage.pl\/wp-content\/uploads\/2026\/04\/att.BeBe1-drc2j1ufdNT3oBjp9SXqTGGq9w61dmE4eNXw4-225x300.jpeg 225w, https:\/\/olszyny.schoolpage.pl\/wp-content\/uploads\/2026\/04\/att.BeBe1-drc2j1ufdNT3oBjp9SXqTGGq9w61dmE4eNXw4-768x1024.jpeg 768w, https:\/\/olszyny.schoolpage.pl\/wp-content\/uploads\/2026\/04\/att.BeBe1-drc2j1ufdNT3oBjp9SXqTGGq9w61dmE4eNXw4-1152x1536.jpeg 1152w, https:\/\/olszyny.schoolpage.pl\/wp-content\/uploads\/2026\/04\/att.BeBe1-drc2j1ufdNT3oBjp9SXqTGGq9w61dmE4eNXw4-1536x2048.jpeg 1536w\" sizes=\"auto, (max-width: 1920px) 100vw, 1920px\" \/><\/figure>\n\n\n\n<figure class=\"wp-block-image size-full\"><img loading=\"lazy\" decoding=\"async\" width=\"1920\" height=\"2560\" data-id=\"10777\" src=\"https:\/\/olszyny.schoolpage.pl\/wp-content\/uploads\/2026\/04\/att.vxPhbhgMRPFrFMDxGvzGkGKeJsQgP1ZuYWLX1bIbg-w-scaled.jpeg\" alt=\"\" class=\"wp-image-10777\" srcset=\"https:\/\/olszyny.schoolpage.pl\/wp-content\/uploads\/2026\/04\/att.vxPhbhgMRPFrFMDxGvzGkGKeJsQgP1ZuYWLX1bIbg-w-scaled.jpeg 1920w, https:\/\/olszyny.schoolpage.pl\/wp-content\/uploads\/2026\/04\/att.vxPhbhgMRPFrFMDxGvzGkGKeJsQgP1ZuYWLX1bIbg-w-225x300.jpeg 225w, https:\/\/olszyny.schoolpage.pl\/wp-content\/uploads\/2026\/04\/att.vxPhbhgMRPFrFMDxGvzGkGKeJsQgP1ZuYWLX1bIbg-w-768x1024.jpeg 768w, https:\/\/olszyny.schoolpage.pl\/wp-content\/uploads\/2026\/04\/att.vxPhbhgMRPFrFMDxGvzGkGKeJsQgP1ZuYWLX1bIbg-w-1152x1536.jpeg 1152w, https:\/\/olszyny.schoolpage.pl\/wp-content\/uploads\/2026\/04\/att.vxPhbhgMRPFrFMDxGvzGkGKeJsQgP1ZuYWLX1bIbg-w-1536x2048.jpeg 1536w\" sizes=\"auto, (max-width: 1920px) 100vw, 1920px\" \/><\/figure>\n\n\n\n<figure class=\"wp-block-image size-full\"><img loading=\"lazy\" decoding=\"async\" width=\"2560\" height=\"1920\" data-id=\"10778\" src=\"https:\/\/olszyny.schoolpage.pl\/wp-content\/uploads\/2026\/04\/att.q45_8ur7PeMDfwiDlK5evUcHEHUa5tpq2RXojQ8bAqg-scaled.jpeg\" alt=\"\" class=\"wp-image-10778\" srcset=\"https:\/\/olszyny.schoolpage.pl\/wp-content\/uploads\/2026\/04\/att.q45_8ur7PeMDfwiDlK5evUcHEHUa5tpq2RXojQ8bAqg-scaled.jpeg 2560w, https:\/\/olszyny.schoolpage.pl\/wp-content\/uploads\/2026\/04\/att.q45_8ur7PeMDfwiDlK5evUcHEHUa5tpq2RXojQ8bAqg-300x225.jpeg 300w, https:\/\/olszyny.schoolpage.pl\/wp-content\/uploads\/2026\/04\/att.q45_8ur7PeMDfwiDlK5evUcHEHUa5tpq2RXojQ8bAqg-1024x768.jpeg 1024w, https:\/\/olszyny.schoolpage.pl\/wp-content\/uploads\/2026\/04\/att.q45_8ur7PeMDfwiDlK5evUcHEHUa5tpq2RXojQ8bAqg-768x576.jpeg 768w, https:\/\/olszyny.schoolpage.pl\/wp-content\/uploads\/2026\/04\/att.q45_8ur7PeMDfwiDlK5evUcHEHUa5tpq2RXojQ8bAqg-1536x1152.jpeg 1536w, https:\/\/olszyny.schoolpage.pl\/wp-content\/uploads\/2026\/04\/att.q45_8ur7PeMDfwiDlK5evUcHEHUa5tpq2RXojQ8bAqg-2048x1536.jpeg 2048w\" sizes=\"auto, (max-width: 2560px) 100vw, 2560px\" \/><\/figure>\n<\/figure>\n","protected":false},"excerpt":{"rendered":"<p>W naszym przedszkolu \u015bwi\u0119towali\u015bmy dzi\u015b 4. urodziny Laury! \ud83c\udf82 By\u0142 to radosny dzie\u0144 pe\u0142en wsp\u00f3lnych zabaw, u\u015bmiechu i serdecznych \u017cycze\u0144. Dzieci za\u015bpiewa\u0142y \u201eSto lat\u201d i razem celebrowa\u0142y ten wyj\u0105tkowy czas \ud83c\udf88\u2728 Laurze \u017cyczymy du\u017co zdrowia, rado\u015bci ka\u017cdego dnia oraz wielu<\/p>\n","protected":false},"author":2,"featured_media":10779,"comment_status":"closed","ping_status":"closed","sticky":false,"template":"","format":"standard","meta":{"footnotes":""},"categories":[1],"tags":[],"class_list":["post-10773","post","type-post","status-publish","format-standard","has-post-thumbnail","hentry","category-wydarzenia"],"_links":{"self":[{"href":"https:\/\/olszyny.schoolpage.pl\/index.php\/wp-json\/wp\/v2\/posts\/10773","targetHints":{"allow":["GET"]}}],"collection":[{"href":"https:\/\/olszyny.schoolpage.pl\/index.php\/wp-json\/wp\/v2\/posts"}],"about":[{"href":"https:\/\/olszyny.schoolpage.pl\/index.php\/wp-json\/wp\/v2\/types\/post"}],"author":[{"embeddable":true,"href":"https:\/\/olszyny.schoolpage.pl\/index.php\/wp-json\/wp\/v2\/users\/2"}],"replies":[{"embeddable":true,"href":"https:\/\/olszyny.schoolpage.pl\/index.php\/wp-json\/wp\/v2\/comments?post=10773"}],"version-history":[{"count":1,"href":"https:\/\/olszyny.schoolpage.pl\/index.php\/wp-json\/wp\/v2\/posts\/10773\/revisions"}],"predecessor-version":[{"id":10780,"href":"https:\/\/olszyny.schoolpage.pl\/index.php\/wp-json\/wp\/v2\/posts\/10773\/revisions\/10780"}],"wp:featuredmedia":[{"embeddable":true,"href":"https:\/\/olszyny.schoolpage.pl\/index.php\/wp-json\/wp\/v2\/media\/10779"}],"wp:attachment":[{"href":"https:\/\/olszyny.schoolpage.pl\/index.php\/wp-json\/wp\/v2\/media?parent=10773"}],"wp:term":[{"taxonomy":"category","embeddable":true,"href":"https:\/\/olszyny.schoolpage.pl\/index.php\/wp-json\/wp\/v2\/categories?post=10773"},{"taxonomy":"post_tag","embeddable":true,"href":"https:\/\/olszyny.schoolpage.pl\/index.php\/wp-json\/wp\/v2\/tags?post=10773"}],"curies":[{"name":"wp","href":"https:\/\/api.w.org\/{rel}","templated":true}]}}