{"id":10798,"date":"2026-04-30T13:43:43","date_gmt":"2026-04-30T11:43:43","guid":{"rendered":"https:\/\/olszyny.schoolpage.pl\/?p=10798"},"modified":"2026-04-30T13:43:45","modified_gmt":"2026-04-30T11:43:45","slug":"%f0%9f%87%b5%f0%9f%87%b1-szkola-do-hymnu-%f0%9f%87%b5%f0%9f%87%b1","status":"publish","type":"post","link":"https:\/\/olszyny.schoolpage.pl\/index.php\/2026\/04\/30\/%f0%9f%87%b5%f0%9f%87%b1-szkola-do-hymnu-%f0%9f%87%b5%f0%9f%87%b1\/","title":{"rendered":"\ud83c\uddf5\ud83c\uddf1 Szko\u0142a do hymnu \ud83c\uddf5\ud83c\uddf1"},"content":{"rendered":"\n<p>Nasze przedszkole wzi\u0119\u0142o udzia\u0142 w akcji \u201eSzko\u0142a do hymnu\u201d. Wsp\u00f3lnie, z powag\u0105 i dum\u0105, od\u015bpiewali\u015bmy hymn Polski \u2013 \u201eMazurek D\u0105browskiego\u201d. \ud83c\udfb6<\/p>\n\n\n\n<p>By\u0142a to wyj\u0105tkowa chwila, podczas kt\u00f3rej dzieci mog\u0142y poczu\u0107, jak wa\u017cne s\u0105 symbole narodowe oraz wsp\u00f3lnota i szacunek do naszej Ojczyzny. \u2764\ufe0f\ud83e\udd0d<\/p>\n\n\n\n<p>Dzi\u0119kujemy wszystkim za zaanga\u017cowanie i pi\u0119kn\u0105 postaw\u0119!<\/p>\n\n\n\n<figure class=\"wp-block-gallery has-nested-images columns-default is-cropped wp-block-gallery-1 is-layout-flex wp-block-gallery-is-layout-flex\">\n<figure class=\"wp-block-image size-full\"><img loading=\"lazy\" decoding=\"async\" width=\"2560\" height=\"1920\" data-id=\"10799\" src=\"https:\/\/olszyny.schoolpage.pl\/wp-content\/uploads\/2026\/04\/att.DXJyryy1nykKyp4jpVVpGszmWT0lRwuccnCUzuKmSqo-scaled.jpeg\" alt=\"\" class=\"wp-image-10799\" srcset=\"https:\/\/olszyny.schoolpage.pl\/wp-content\/uploads\/2026\/04\/att.DXJyryy1nykKyp4jpVVpGszmWT0lRwuccnCUzuKmSqo-scaled.jpeg 2560w, https:\/\/olszyny.schoolpage.pl\/wp-content\/uploads\/2026\/04\/att.DXJyryy1nykKyp4jpVVpGszmWT0lRwuccnCUzuKmSqo-300x225.jpeg 300w, https:\/\/olszyny.schoolpage.pl\/wp-content\/uploads\/2026\/04\/att.DXJyryy1nykKyp4jpVVpGszmWT0lRwuccnCUzuKmSqo-1024x768.jpeg 1024w, https:\/\/olszyny.schoolpage.pl\/wp-content\/uploads\/2026\/04\/att.DXJyryy1nykKyp4jpVVpGszmWT0lRwuccnCUzuKmSqo-768x576.jpeg 768w, https:\/\/olszyny.schoolpage.pl\/wp-content\/uploads\/2026\/04\/att.DXJyryy1nykKyp4jpVVpGszmWT0lRwuccnCUzuKmSqo-1536x1152.jpeg 1536w, https:\/\/olszyny.schoolpage.pl\/wp-content\/uploads\/2026\/04\/att.DXJyryy1nykKyp4jpVVpGszmWT0lRwuccnCUzuKmSqo-2048x1536.jpeg 2048w\" sizes=\"auto, (max-width: 2560px) 100vw, 2560px\" \/><\/figure>\n<\/figure>\n","protected":false},"excerpt":{"rendered":"<p>Nasze przedszkole wzi\u0119\u0142o udzia\u0142 w akcji \u201eSzko\u0142a do hymnu\u201d. Wsp\u00f3lnie, z powag\u0105 i dum\u0105, od\u015bpiewali\u015bmy hymn Polski \u2013 \u201eMazurek D\u0105browskiego\u201d. \ud83c\udfb6 By\u0142a to wyj\u0105tkowa chwila, podczas kt\u00f3rej dzieci mog\u0142y poczu\u0107, jak wa\u017cne s\u0105 symbole narodowe oraz wsp\u00f3lnota i szacunek do<\/p>\n","protected":false},"author":2,"featured_media":10799,"comment_status":"closed","ping_status":"closed","sticky":false,"template":"","format":"standard","meta":{"footnotes":""},"categories":[1],"tags":[],"class_list":["post-10798","post","type-post","status-publish","format-standard","has-post-thumbnail","hentry","category-wydarzenia"],"_links":{"self":[{"href":"https:\/\/olszyny.schoolpage.pl\/index.php\/wp-json\/wp\/v2\/posts\/10798","targetHints":{"allow":["GET"]}}],"collection":[{"href":"https:\/\/olszyny.schoolpage.pl\/index.php\/wp-json\/wp\/v2\/posts"}],"about":[{"href":"https:\/\/olszyny.schoolpage.pl\/index.php\/wp-json\/wp\/v2\/types\/post"}],"author":[{"embeddable":true,"href":"https:\/\/olszyny.schoolpage.pl\/index.php\/wp-json\/wp\/v2\/users\/2"}],"replies":[{"embeddable":true,"href":"https:\/\/olszyny.schoolpage.pl\/index.php\/wp-json\/wp\/v2\/comments?post=10798"}],"version-history":[{"count":1,"href":"https:\/\/olszyny.schoolpage.pl\/index.php\/wp-json\/wp\/v2\/posts\/10798\/revisions"}],"predecessor-version":[{"id":10800,"href":"https:\/\/olszyny.schoolpage.pl\/index.php\/wp-json\/wp\/v2\/posts\/10798\/revisions\/10800"}],"wp:featuredmedia":[{"embeddable":true,"href":"https:\/\/olszyny.schoolpage.pl\/index.php\/wp-json\/wp\/v2\/media\/10799"}],"wp:attachment":[{"href":"https:\/\/olszyny.schoolpage.pl\/index.php\/wp-json\/wp\/v2\/media?parent=10798"}],"wp:term":[{"taxonomy":"category","embeddable":true,"href":"https:\/\/olszyny.schoolpage.pl\/index.php\/wp-json\/wp\/v2\/categories?post=10798"},{"taxonomy":"post_tag","embeddable":true,"href":"https:\/\/olszyny.schoolpage.pl\/index.php\/wp-json\/wp\/v2\/tags?post=10798"}],"curies":[{"name":"wp","href":"https:\/\/api.w.org\/{rel}","templated":true}]}}